{"id":6354,"date":"2025-09-04T09:27:22","date_gmt":"2025-09-04T08:27:22","guid":{"rendered":"https:\/\/plan4sustain.pt\/?p=6354"},"modified":"2025-09-04T09:27:22","modified_gmt":"2025-09-04T08:27:22","slug":"digital-product-passport-the-new-dna-of-products-in-europe","status":"publish","type":"post","link":"https:\/\/plan4sustain.pt\/pt\/digital-product-passport-the-new-dna-of-products-in-europe\/","title":{"rendered":"Passaporte Digital: O Novo ADN dos Produtos na Europa"},"content":{"rendered":"<p>A economia europeia est\u00e1 prestes a atravessar uma transforma\u00e7\u00e3o profunda e silenciosa.<\/p>\n\n\n\n<p>J\u00e1 imaginou um produto que, ao passar o smartphone por cima de um c\u00f3digo QR, revela tudo: o material de que \u00e9 feito, se pode ser reparado, como se recicla, se est\u00e1 em conformidade com as normas de seguran\u00e7a e at\u00e9 o nome do fabricante.<\/p>\n\n\n\n<p>Esse \u00e9 o <strong>Passaporte Digital de Produto (PDP)<\/strong> \u2014 uma ficha de identidade digital que ser\u00e1 obrigat\u00f3ria para v\u00e1rios produtos vendidos na Uni\u00e3o Europeia, com aplica\u00e7\u00e3o faseada a partir de 2026. Previsto no <strong>Regulamento para a Conce\u00e7\u00e3o Ecol\u00f3gica de Produtos Sustent\u00e1veis (ESPR \u2013 2024\/1781)<\/strong>, o PDP ser\u00e1 uma pe\u00e7a central na estrat\u00e9gia europeia de transi\u00e7\u00e3o para uma economia mais circular, resiliente e sustent\u00e1vel.<\/p>\n\n\n\n<p>O seu prop\u00f3sito \u00e9 ambicioso: prolongar a vida \u00fatil dos produtos, melhorar a efici\u00eancia no uso de recursos, reduzir o desperd\u00edcio e facilitar a tomada de decis\u00f5es conscientes por consumidores, investidores e operadores econ\u00f3micos.<\/p>\n\n\n\n<p>O PDP representa uma mudan\u00e7a estrat\u00e9gica na forma como a Europa pretende organizar o seu mercado interno: com mais transpar\u00eancia, mais rastreabilidade e mais informa\u00e7\u00e3o dispon\u00edvel nas cadeias de valor globais.<\/p>\n\n\n\n<p>Esta mudan\u00e7a come\u00e7a por setores com maior impacto ambiental e com maior potencial de circularidade, de acordo com a Comiss\u00e3o Europeia.<\/p>\n\n\n\n<p>Entre os produtos abrangidos nas primeiras fases, encontram-se: ferro, a\u00e7o e alum\u00ednio; t\u00eaxteis (vestu\u00e1rio e cal\u00e7ado); mobili\u00e1rio (incluindo colch\u00f5es); pneus; detergentes, tintas e lubrificantes; produtos qu\u00edmicos; dispositivos eletr\u00f3nicos e TIC. Mais do que uma exig\u00eancia legal, o PDP \u00e9 um instrumento estrat\u00e9gico para refor\u00e7ar a competitividade das empresas europeias.<\/p>\n\n\n\n<p>These products will be the first to incorporate a digital passport with standardized and verifiable data, accessible via digital interfaces such as QR codes.<\/p>\n\n\n\n<p>A implementa\u00e7\u00e3o ser\u00e1 feita em fases, com prazos espec\u00edficos para cada categoria de produto. A tabela abaixo resume o plano de ado\u00e7\u00e3o definido pela Comiss\u00e3o Europeia:<\/p>\n\n\n\n<figure class=\"wp-block-image aligncenter size-large is-resized\"><img fetchpriority=\"high\" decoding=\"async\" width=\"1024\" height=\"576\" src=\"https:\/\/plan4sustain.pt\/wp-content\/uploads\/2025\/08\/1-1024x576.png\" alt=\"\" class=\"wp-image-6355\" style=\"width:914px;height:auto\" srcset=\"\" sizes=\"(max-width: 1024px) 100vw, 1024px\" data-srcset=\"\" \/><\/figure>\n\n\n\n<figure class=\"wp-block-image aligncenter size-large is-resized\"><img decoding=\"async\" width=\"1024\" height=\"405\" src=\"https:\/\/plan4sustain.pt\/wp-content\/uploads\/2025\/08\/2-1024x413.png\" alt=\"\" class=\"wp-image-6356\" style=\"width:916px;height:auto\" srcset=\"\" sizes=\"(max-width: 1024px) 100vw, 1024px\" data-srcset=\"\" \/><\/figure>\n\n\n\n<p>Mais do que uma imposi\u00e7\u00e3o regulat\u00f3ria, o PDP representa uma mudan\u00e7a estrat\u00e9gica na organiza\u00e7\u00e3o do mercado europeu.<br>A aposta na transpar\u00eancia, rastreabilidade e digitaliza\u00e7\u00e3o da informa\u00e7\u00e3o posiciona a Europa como pioneira na regula\u00e7\u00e3o ambiental com impacto industrial.<\/p>\n\n\n\n<p>Ao sistematizar dados sobre sustentabilidade dos produtos, o PDP abre caminho para novos modelos de neg\u00f3cio circulares, como leasing, remanufactura, repara\u00e7\u00e3o ou reutiliza\u00e7\u00e3o, e facilita a comunica\u00e7\u00e3o com consumidores mais exigentes e com os investidores institucionais focados em crit\u00e9rios <strong>ESG (Environmental, Social and Governance)<\/strong> .<\/p>\n\n\n\n<p>A evid\u00eancia cient\u00edfica indica que as empresas que integram pr\u00e1ticas de <strong>ecodesign, rastreabilidade e gest\u00e3o digital de ciclo de vida<\/strong> conseguem reduzir custos operacionais, adaptar-se mais rapidamente \u00e0s regulamenta\u00e7\u00f5es e fortalecer a confian\u00e7a dos seus clientes.<\/p>\n\n\n\n<p>Estudos recentes apontam ainda que a antecipa\u00e7\u00e3o de tend\u00eancias regulat\u00f3rias, como o PDP, acelera a inova\u00e7\u00e3o em produto e atrai segmentos de mercado mais valorizados. A vantagem competitiva n\u00e3o est\u00e1 apenas em cumprir a lei, mas em liderar a sua implementa\u00e7\u00e3o.<\/p>\n\n\n\n<p>Contudo, a implementa\u00e7\u00e3o generalizada do PDP levanta desafios significativos.<\/p>\n\n\n\n<p>O primeiro \u00e9 tecnol\u00f3gico: como garantir que os sistemas de informa\u00e7\u00e3o s\u00e3o interoper\u00e1veis, seguros e acess\u00edveis a toda a cadeia de valor.<\/p>\n\n\n\n<p>O segundo \u00e9 organizacional: muitas PME ainda n\u00e3o t\u00eam as capacidades digitais, recursos humanos ou sistemas de qualidade para responder a estas exig\u00eancias.<\/p>\n\n\n\n<p>O terceiro \u00e9 geopol\u00edtico: ao centralizar dados em infraestruturas digitais comuns, a Europa afirma a sua soberania tecnol\u00f3gica \u2014 mas tamb\u00e9m enfrenta o risco de criar assimetrias entre empresas com diferentes graus de prepara\u00e7\u00e3o digital.<\/p>\n\n\n\n<p>Por outro lado, a generaliza\u00e7\u00e3o do PDP pode criar um mercado de solu\u00e7\u00f5es tecnol\u00f3gicas e servi\u00e7os de apoio \u00e0 transi\u00e7\u00e3o sustent\u00e1vel. Desde plataformas de gest\u00e3o de ciclo de vida at\u00e9 software de rastreabilidade por blockchain, h\u00e1 uma nova vaga de startups e fornecedores a emergir neste ecossistema. Para estas empresas, o PDP \u00e9 uma oportunidade de posicionamento europeu e internacional.<\/p>\n\n\n\n<p>O impacto do Passaporte Digital de Produto vai al\u00e9m do plano t\u00e9cnico. Ele inaugura uma <strong>economia de dados dos produtos<\/strong>, em que o acesso \u00e0 informa\u00e7\u00e3o ser\u00e1 condi\u00e7\u00e3o essencial para participar no mercado.<\/p>\n\n\n\n<p>Quem definir os standards, a arquitetura digital e os protocolos de interoperabilidade ter\u00e1 capacidade de moldar as regras de concorr\u00eancia nos pr\u00f3ximos anos. Neste sentido, o PDP \u00e9 tamb\u00e9m um instrumento de diplomacia econ\u00f3mica e de afirma\u00e7\u00e3o do papel da Europa como l\u00edder regulat\u00f3ria global.<\/p>\n\n\n\n<p>As empresas portuguesas e europeias n\u00e3o podem encarar o PDP como mera burocracia. Trata-se de um novo <strong>idioma de mercado<\/strong>, quem n\u00e3o o falar, corre o risco de ser exclu\u00eddo das cadeias de fornecimento mais exigentes e dos contratos p\u00fablicos europeus.<\/p>\n\n\n\n<p>Os l\u00edderes empresariais mais atentos est\u00e3o j\u00e1 a mapear os fluxos de informa\u00e7\u00e3o dos seus produtos, a capacitar equipas t\u00e9cnicas e a desenvolver alian\u00e7as com parceiros tecnol\u00f3gicos. Os restantes ter\u00e3o de recuperar terreno num curto espa\u00e7o de tempo.<\/p>\n\n\n\n<p><strong>O futuro ser\u00e1 digital, circular e transparente.<\/strong><\/p>\n\n\n\n<p>O <strong>Passaporte Digital de Produto<\/strong> n\u00e3o \u00e9 o fim \u2014 \u00e9 o in\u00edcio de uma nova era em que a <strong>sustentabilidade ser\u00e1 mensur\u00e1vel, rastre\u00e1vel e verific\u00e1vel.<\/strong>.<br>Uma era onde os dados ser\u00e3o t\u00e3o valiosos como os recursos materiais.<\/p>\n\n\n\n<p>E onde as empresas que souberem antecipar esta realidade poder\u00e3o conquistar posi\u00e7\u00f5es estrat\u00e9gicas no mercado global.<\/p>\n\n\n\n<hr class=\"wp-block-separator has-alpha-channel-opacity\"\/>\n\n\n\n<p class=\"has-text-align-right\">Escrito por Beatriz Santos<\/p>\n\n\n\n<p class=\"has-text-align-right\">*Foto da capa de <a href=\"https:\/\/unsplash.com\/pt-br\/@aka_opex?utm_content=creditCopyText&amp;utm_medium=referral&amp;utm_source=unsplash\">Mitya Ivanov<\/a> no <a href=\"https:\/\/unsplash.com\/pt-br\/fotografias\/pessoa-segurando-bola-de-vidro-transparente-com-fundo-de-codigo-qr-2HWkORIX3II?utm_content=creditCopyText&amp;utm_medium=referral&amp;utm_source=unsplash\">Unsplash<\/a><\/p>\n\n\n\n<p><\/p>","protected":false},"excerpt":{"rendered":"<p>O Passaporte Digital de Produto vai transformar o mercado europeu, tornando a sustentabilidade rastre\u00e1vel, mensur\u00e1vel e estrat\u00e9gica para empresas e consumidores.<\/p>","protected":false},"author":4,"featured_media":6348,"comment_status":"closed","ping_status":"open","sticky":false,"template":"","format":"standard","meta":{"site-sidebar-layout":"default","site-content-layout":"","ast-site-content-layout":"default","site-content-style":"default","site-sidebar-style":"default","ast-global-header-display":"","ast-banner-title-visibility":"","ast-main-header-display":"","ast-hfb-above-header-display":"","ast-hfb-below-header-display":"","ast-hfb-mobile-header-display":"","site-post-title":"","ast-breadcrumbs-content":"","ast-featured-img":"","footer-sml-layout":"","ast-disable-related-posts":"","theme-transparent-header-meta":"","adv-header-id-meta":"","stick-header-meta":"","header-above-stick-meta":"","header-main-stick-meta":"","header-below-stick-meta":"","astra-migrate-meta-layouts":"default","ast-page-background-enabled":"default","ast-page-background-meta":{"desktop":{"background-color":"var(--ast-global-color-4)","background-image":"","background-repeat":"repeat","background-position":"center center","background-size":"auto","background-attachment":"scroll","background-type":"","background-media":"","overlay-type":"","overlay-color":"","overlay-opacity":"","overlay-gradient":""},"tablet":{"background-color":"","background-image":"","background-repeat":"repeat","background-position":"center center","background-size":"auto","background-attachment":"scroll","background-type":"","background-media":"","overlay-type":"","overlay-color":"","overlay-opacity":"","overlay-gradient":""},"mobile":{"background-color":"","background-image":"","background-repeat":"repeat","background-position":"center center","background-size":"auto","background-attachment":"scroll","background-type":"","background-media":"","overlay-type":"","overlay-color":"","overlay-opacity":"","overlay-gradient":""}},"ast-content-background-meta":{"desktop":{"background-color":"var(--ast-global-color-5)","background-image":"","background-repeat":"repeat","background-position":"center center","background-size":"auto","background-attachment":"scroll","background-type":"","background-media":"","overlay-type":"","overlay-color":"","overlay-opacity":"","overlay-gradient":""},"tablet":{"background-color":"var(--ast-global-color-5)","background-image":"","background-repeat":"repeat","background-position":"center center","background-size":"auto","background-attachment":"scroll","background-type":"","background-media":"","overlay-type":"","overlay-color":"","overlay-opacity":"","overlay-gradient":""},"mobile":{"background-color":"var(--ast-global-color-5)","background-image":"","background-repeat":"repeat","background-position":"center center","background-size":"auto","background-attachment":"scroll","background-type":"","background-media":"","overlay-type":"","overlay-color":"","overlay-opacity":"","overlay-gradient":""}},"footnotes":""},"categories":[1],"tags":[],"class_list":["post-6354","post","type-post","status-publish","format-standard","has-post-thumbnail","hentry","category-opinion"],"_links":{"self":[{"href":"https:\/\/plan4sustain.pt\/pt\/wp-json\/wp\/v2\/posts\/6354","targetHints":{"allow":["GET"]}}],"collection":[{"href":"https:\/\/plan4sustain.pt\/pt\/wp-json\/wp\/v2\/posts"}],"about":[{"href":"https:\/\/plan4sustain.pt\/pt\/wp-json\/wp\/v2\/types\/post"}],"author":[{"embeddable":true,"href":"https:\/\/plan4sustain.pt\/pt\/wp-json\/wp\/v2\/users\/4"}],"replies":[{"embeddable":true,"href":"https:\/\/plan4sustain.pt\/pt\/wp-json\/wp\/v2\/comments?post=6354"}],"version-history":[{"count":6,"href":"https:\/\/plan4sustain.pt\/pt\/wp-json\/wp\/v2\/posts\/6354\/revisions"}],"predecessor-version":[{"id":6367,"href":"https:\/\/plan4sustain.pt\/pt\/wp-json\/wp\/v2\/posts\/6354\/revisions\/6367"}],"wp:featuredmedia":[{"embeddable":true,"href":"https:\/\/plan4sustain.pt\/pt\/wp-json\/wp\/v2\/media\/6348"}],"wp:attachment":[{"href":"https:\/\/plan4sustain.pt\/pt\/wp-json\/wp\/v2\/media?parent=6354"}],"wp:term":[{"taxonomy":"category","embeddable":true,"href":"https:\/\/plan4sustain.pt\/pt\/wp-json\/wp\/v2\/categories?post=6354"},{"taxonomy":"post_tag","embeddable":true,"href":"https:\/\/plan4sustain.pt\/pt\/wp-json\/wp\/v2\/tags?post=6354"}],"curies":[{"name":"wp","href":"https:\/\/api.w.org\/{rel}","templated":true}]}}